[{"@context":"https:\/\/schema.org\/","@type":"Article","@id":"https:\/\/www.terykon.cz\/styl-a-kabo-2019\/#Article","mainEntityOfPage":"https:\/\/www.terykon.cz\/styl-a-kabo-2019\/","headline":"Styl a Kabo 2019","name":"Styl a Kabo 2019","description":"Tyto m\u00f3dn\u00ed v\u00fdstavy p\u0159edstavuj\u00ed dva komer\u010dn\u00ed vrcholy m\u00f3dn\u00edho pr\u016fmyslu u n\u00e1s v&nbsp;\u010cesk\u00e9 republice a v&nbsp;zem\u00edch v\u00fdchodn\u00ed a st\u0159edn\u00ed Evropy. Veletrhy Styl a Kabo jsou jedin\u00fdm m\u00edstem u n\u00e1s, na Slovensku a ve v\u00fdchodn\u00ed Evrop\u011b, kde se setk\u00e1v\u00e1 koncentrace nab\u00eddky a popt\u00e1vky m\u00f3dy, ko\u017een\u00e9ho zbo\u017e\u00ed a obuvi. Vystavuj\u00edc\u00ed zde maj\u00ed mo\u017enost nab\u00edzet sv\u00e9 nov\u00e9 kolekce ve [&hellip;]","datePublished":"2019-06-08","dateModified":"2023-05-07","author":{"@type":"Person","@id":"https:\/\/www.terykon.cz\/author\/#Person","name":"","url":"https:\/\/www.terykon.cz\/author\/","identifier":1,"image":{"@type":"ImageObject","@id":"https:\/\/secure.gravatar.com\/avatar\/c61c2d82e330ff9c70cf023b4c62d411e8407bcb38f85df591fa270717754b44?s=96&d=mm&r=g","url":"https:\/\/secure.gravatar.com\/avatar\/c61c2d82e330ff9c70cf023b4c62d411e8407bcb38f85df591fa270717754b44?s=96&d=mm&r=g","height":96,"width":96}},"publisher":{"@type":"Organization","name":"terykon.cz","logo":{"@type":"ImageObject","@id":"\/logo.png","url":"\/logo.png","width":600,"height":60}},"image":{"@type":"ImageObject","@id":"https:\/\/www.terykon.cz\/wp-content\/uploads\/img_a346938_w2965_t1561215196.jpg","url":"https:\/\/www.terykon.cz\/wp-content\/uploads\/img_a346938_w2965_t1561215196.jpg","height":0,"width":0},"url":"https:\/\/www.terykon.cz\/styl-a-kabo-2019\/","about":["M\u00f3da"],"wordCount":427,"articleBody":"Tyto m\u00f3dn\u00ed v\u00fdstavy p\u0159edstavuj\u00ed dva komer\u010dn\u00ed vrcholy m\u00f3dn\u00edho pr\u016fmyslu u n\u00e1s v&nbsp;\u010cesk\u00e9 republice a v&nbsp;zem\u00edch v\u00fdchodn\u00ed a st\u0159edn\u00ed Evropy. Veletrhy Styl a Kabo jsou jedin\u00fdm m\u00edstem u n\u00e1s, na Slovensku a ve v\u00fdchodn\u00ed Evrop\u011b, kde se setk\u00e1v\u00e1 koncentrace nab\u00eddky a popt\u00e1vky m\u00f3dy, ko\u017een\u00e9ho zbo\u017e\u00ed a obuvi. Vystavuj\u00edc\u00ed zde maj\u00ed mo\u017enost nab\u00edzet sv\u00e9 nov\u00e9 kolekce ve velmi atraktivn\u00edm prost\u0159ed\u00ed naaran\u017eovan\u00fdch pavilon\u016f. Tyto veletrhy prob\u00edhaj\u00ed dokonce dvakr\u00e1t do roka, v\u017edy v&nbsp;\u00fanoru a v&nbsp;srpnu.Tak\u00e9 se zde setk\u00e1vaj\u00ed odborn\u00edci a obchodn\u00edci z&nbsp;m\u00f3dn\u00edho a ko\u017eed\u011bln\u00e9ho pr\u016fmyslu. Na t\u011bchto veletrz\u00edch se tak\u00e9 v\u011bt\u0161inou uv\u00e1d\u00ed na trh exkluzivn\u00ed zbo\u017e\u00ed, kter\u00e9 je vyr\u00e1b\u011bno malos\u00e9riov\u011b a jin\u00e9 m\u00e9n\u011b zn\u00e1m\u00e9, o to v\u0161ak zaj\u00edmav\u011bj\u0161\u00ed zna\u010dky. V&nbsp;\u00fanoru byla uvedena novinka Design Street, kde jste si mohli na jednom m\u00edst\u011b prohl\u00e9dnout autorskou tvorbu Poyel, Avenir&nbsp; &#8211; Jana Koperov\u00e1 a Lada Vyvialov\u00e1. Tak\u00e9 se zde p\u0159edstavila v\u00edt\u011bzka \u0161pan\u011blsk\u00e9 design\u00e9rsk\u00e9 sout\u011b\u017ee Laura Manuela Sanchez Sanz se svoj\u00ed p\u0159ehl\u00eddkou autorsk\u00e9 m\u00f3dn\u00ed tvorby. Krom\u011b p\u0159ehl\u00eddek jste mohli nav\u0161t\u00edvit i semin\u00e1\u0159 &bdquo;Mistrovsk\u00e1 zkou\u0161ka v&nbsp;oboru Krej\u010d\u00ed, kter\u00fd po\u0159\u00e1dala Sektorov\u00e1 rada textiln\u00edho, od\u011bvn\u00edho a ko\u017eed\u011bln\u00e9ho pr\u016fmyslu, kter\u00e1 se sna\u017e\u00ed o znovuzaveden\u00ed presti\u017en\u00edho ozna\u010den\u00ed Mistr \u0159emesla v&nbsp;oboru krej\u010d\u00ed, jeliko\u017e je t\u0159eba vr\u00e1tit krej\u010dovsk\u00e9mu \u0159emeslu ztracenou presti\u017e, kterou kdysi m\u00edvalo a kterou si op\u011bt bezesporu zaslou\u017e\u00ed. A pr\u00e1v\u011b d\u00edky tomuto semin\u00e1\u0159i jste se mohli aktivn\u011b pod\u00edlet na vzniku nov\u00fdch hodnot\u00edc\u00edch standard\u016f p\u0159i zhotovov\u00e1n\u00ed od\u011bv\u016f.\tKrom\u011b st\u00e1lic, kter\u00e9 se veletrh\u016f \u00fa\u010dastn\u00ed pravideln\u011b, zde byli k&nbsp;vid\u011bn\u00ed i nov\u00e1\u010dci z&nbsp;n\u011bkolika dal\u0161\u00edch zem\u00ed. Poprv\u00e9 se zde p\u0159edstavil italsk\u00fd v\u00fdrobce d\u00e1msk\u00e9 konfekce, kter\u00fd m\u00e1 v\u00edce ne\u017e stoletou tradici &ndash; Gironacci Arduino. Tak\u00e9 p\u0159ijela bulharsk\u00e1 spole\u010dnost Sun Diva, kter\u00e1 \u0161ije plavky. Obuv sem p\u0159ijeli prezentovat i Pol\u00e1ci, konkr\u00e9tn\u011b zna\u010dky ANN-MEX a ESKA J. Szydlowski. Krom\u011b t\u011bchto zna\u010dek zde bylo k&nbsp;vid\u011bn\u00ed nespo\u010det dal\u0161\u00edch nejen od n\u00e1s, ale i ze zahrani\u010d\u00ed.\t&nbsp;                                                                                                                                                                                                                                                                                                                                                                                        4\/5 - (9 votes)        "},{"@context":"https:\/\/schema.org\/","@type":"BreadcrumbList","itemListElement":[{"@type":"ListItem","position":1,"name":"Styl a Kabo 2019","item":"https:\/\/www.terykon.cz\/styl-a-kabo-2019\/#breadcrumbitem"}]}]