[{"@context":"https:\/\/schema.org\/","@type":"Article","@id":"https:\/\/www.terykon.cz\/stante-se-femme-fatale-diky-cervene\/#Article","mainEntityOfPage":"https:\/\/www.terykon.cz\/stante-se-femme-fatale-diky-cervene\/","headline":"Sta\u0148te se femme fatale d\u00edky \u010derven\u00e9","name":"Sta\u0148te se femme fatale d\u00edky \u010derven\u00e9","description":"Po\u010das\u00ed na p\u0159elomu podzimu a zimy je ve znamen\u00ed \u0161edi. Hust\u00e1 mra\u010dna se val\u00ed nad hlavou. Barevn\u00fd podzim je ten tam a ulice zdob\u00ed jedin\u011b hn\u011bd\u00e1 b\u0159e\u010dka, co se vytvo\u0159ila z\u00a0opadan\u00fdch list\u016f. O\u017eivte tento ne\u010das sv\u00fdm oble\u010den\u00edm a dop\u0159ejte mu barvu, kter\u00e1 vynikne a vy s\u00a0n\u00ed. \u010cerven\u00e1 je nest\u00e1rnouc\u00ed st\u00e1lice v\u00a0\u0161atn\u00edc\u00edch i dopl\u0148c\u00edch. \u010cerven\u00e9, dob\u0159e [&hellip;]","datePublished":"2019-11-22","dateModified":"2023-05-07","author":{"@type":"Person","@id":"https:\/\/www.terykon.cz\/author\/#Person","name":"","url":"https:\/\/www.terykon.cz\/author\/","identifier":1,"image":{"@type":"ImageObject","@id":"https:\/\/secure.gravatar.com\/avatar\/c61c2d82e330ff9c70cf023b4c62d411e8407bcb38f85df591fa270717754b44?s=96&d=mm&r=g","url":"https:\/\/secure.gravatar.com\/avatar\/c61c2d82e330ff9c70cf023b4c62d411e8407bcb38f85df591fa270717754b44?s=96&d=mm&r=g","height":96,"width":96}},"publisher":{"@type":"Organization","name":"terykon.cz","logo":{"@type":"ImageObject","@id":"\/logo.png","url":"\/logo.png","width":600,"height":60}},"image":{"@type":"ImageObject","@id":"https:\/\/www.terykon.cz\/wp-content\/uploads\/img_a362197_w4273_t1575127407.jpg","url":"https:\/\/www.terykon.cz\/wp-content\/uploads\/img_a362197_w4273_t1575127407.jpg","height":0,"width":0},"url":"https:\/\/www.terykon.cz\/stante-se-femme-fatale-diky-cervene\/","about":["M\u00f3da"],"wordCount":532,"articleBody":"Po\u010das\u00ed na p\u0159elomu podzimu a zimy je ve znamen\u00ed \u0161edi. Hust\u00e1 mra\u010dna se val\u00ed nad hlavou. Barevn\u00fd podzim je ten tam a ulice zdob\u00ed jedin\u011b hn\u011bd\u00e1 b\u0159e\u010dka, co se vytvo\u0159ila z\u00a0opadan\u00fdch list\u016f. O\u017eivte tento ne\u010das sv\u00fdm oble\u010den\u00edm a dop\u0159ejte mu barvu, kter\u00e1 vynikne a vy s\u00a0n\u00ed. \u010cerven\u00e1 je nest\u00e1rnouc\u00ed st\u00e1lice v\u00a0\u0161atn\u00edc\u00edch i dopl\u0148c\u00edch.\u010cerven\u00e9, dob\u0159e padnouc\u00ed \u0161aty z\u00a0V\u00e1s mohou ud\u011blat skute\u010dnou femme fatale. Pokud je nav\u00edc dopln\u00edte o slu\u0161iv\u00e9 lodi\u010dky a p\u0159im\u011b\u0159en\u00fd make-up, pak v\u011bzte, \u017ee budete jednozna\u010dn\u011b p\u0159itahovat nejedny o\u010di, kter\u00e9 si V\u00e1s se z\u00e1jem prohl\u00e9dnout. \u010cerven\u00e1 p\u0159itahuje pohled jako magnet a vynikne v\u00a0n\u00ed Va\u0161e \u017eenskost. Budete v\u00a0n\u00ed tak\u00e9 p\u016fsobit sebev\u011bdom\u011bji.P\u0159i volb\u011b \u0161at\u016f proto dbejte na to, aby lichotily Va\u0161\u00ed postav\u011b a dopl\u0148ujte je sp\u00ed\u0161e st\u0159\u00eddm\u00fdm l\u00ed\u010den\u00edm, kter\u00e9 m\u016f\u017ee podtrhnout rt\u011bnka slad\u011bn\u00e1 s\u00a0barvou Va\u0161ich \u0161at\u016f.V\u00a0chladn\u00e9m po\u010das\u00ed m\u016f\u017eete p\u0159ehodit p\u0159es \u0161aty i \u010derven\u00fd kab\u00e1t, kter\u00fd V\u00e1s nenech\u00e1 ztratit se v\u00a0davu ani v\u00a0chladn\u00fdch zimn\u00edch dnech. Stejn\u011b tak ale m\u016f\u017eete zvolit i \u010dern\u00fd kab\u00e1t a nechat Va\u0161e p\u016fvaby vyniknout jako mal\u00e9 p\u0159ekvapen\u00ed, a\u017e budete kab\u00e1t svl\u00e9kat.V\u00fdrazn\u011b \u017eensky m\u016f\u017ee p\u016fsobit i \u010derven\u00fd kalhotov\u00fd kost\u00fdm, kter\u00fd lze rovn\u011b\u017e doplnit \u010dern\u00fdmi nebo \u010derven\u00fdmi lodi\u010dkami, p\u0159\u00edpadn\u011b \u010dervenou rt\u011bnkou. Pokud je to na V\u00e1s a\u017e p\u0159\u00edli\u0161 mnoho a z\u00a0\u010derven\u00e9, stejn\u011b p\u011bkn\u011b vynikne samotn\u00e9 sako, jako dopln\u011bk k\u00a0jednobarevn\u00e9mu \u010di dvoubarevn\u00e9mu decentn\u00edmu outfitu, kter\u00fd d\u00edky tomu ozvl\u00e1\u0161tn\u00edte a vdechnete mu \u017eivost.Je mo\u017en\u00e9, \u017ee \u010derven\u00e1 se V\u00e1m l\u00edb\u00ed, ale m\u00e1te strach, \u017ee v\u00a0n\u00ed budete p\u016fsobit a\u017e p\u0159\u00edli\u0161 vyz\u00fdvav\u011b a budete strh\u00e1vat v\u00edce pozornosti, ne\u017e kolik by V\u00e1m bylo p\u0159\u00edjemn\u00e9. Nemus\u00edte se j\u00ed kv\u016fli tomu vzd\u00e1vat. Decentn\u00ed pou\u017eit\u00ed \u010derven\u00e9 v\u00a0dopl\u0148c\u00edch ud\u011bl\u00e1 divy s\u00a0Va\u0161\u00edm celkov\u00fdm obrazem. Vynikne tak n\u011b\u017en\u011bj\u0161\u00ed str\u00e1nka, kter\u00e1 ale nebude p\u0159eslazen\u00e1, jako je tomu n\u011bkdy u r\u016f\u017eov\u00fdch dopl\u0148k\u016f. K\u00a0tomuto \u00fa\u010delu se v\u00fdborn\u011b hod\u00ed \u010derven\u00e1 rt\u011bnka a \u0161perky. Podzimn\u00ed \u010di zimn\u00ed kab\u00e1tky m\u016f\u017eete rozz\u00e1\u0159it pomoc\u00ed \u0161\u00e1l \u010di \u0161\u00e1tk\u016f v\u00a0t\u00e9to jedine\u010dn\u00e9 barv\u011b.Pokud budete hledat, jak\u00fd barva se nejv\u00edce hod\u00ed k\u00a0\u010derven\u00e9, tak v\u011bzte, \u017ee rozhodn\u011b nic nezkaz\u00edte s\u00a0\u010dernou. M\u016f\u017eete ji volit na dopl\u0148c\u00edch \u010di bot\u00e1ch. P\u0159\u00edpadn\u011b naopak dodat k\u00a0\u010dern\u00e9mu outfitu \u010derven\u00e9 detaily. Kombinace t\u011bchto dvou barev p\u016fsob\u00ed st\u00e1le velmi \u017eensky, ale dod\u00e1v\u00e1 celkov\u00e9mu vzhledu v\u00edce decentnosti a form\u00e1lnosti.Tak \u010di onak V\u00e1m tato barva dod\u00e1 na p\u0159ita\u017elivosti i na sebev\u011bdom\u00ed, proto nev\u00e1hejte a za\u0159a\u010fte ji ke sv\u00fdm obl\u00edben\u00fdm.                                                                                                                                                                                                                                                                                                                                                                                        4.4\/5 - (13 votes)        "},{"@context":"https:\/\/schema.org\/","@type":"BreadcrumbList","itemListElement":[{"@type":"ListItem","position":1,"name":"Sta\u0148te se femme fatale d\u00edky \u010derven\u00e9","item":"https:\/\/www.terykon.cz\/stante-se-femme-fatale-diky-cervene\/#breadcrumbitem"}]}]