[{"@context":"https:\/\/schema.org\/","@type":"Article","@id":"https:\/\/www.terykon.cz\/ruzne-blogy\/#Article","mainEntityOfPage":"https:\/\/www.terykon.cz\/ruzne-blogy\/","headline":"R\u016fzn\u00e9 blogy","name":"R\u016fzn\u00e9 blogy","description":"P\u00ed\u0161ete si sv\u016fj osobn\u00ed blog? Anebo si p\u00ed\u0161ete takov\u00fd blog, kde m\u00e1te pouze r\u016fzn\u00e9 b\u00e1sni\u010dky? Proto\u017ee moje kamar\u00e1dka je takov\u00e1, \u017ee si na sv\u016fj blog d\u00e1v\u00e1 vlastn\u00ed vymy\u0161len\u00e9 p\u00edsni\u010dky nebo b\u00e1sni\u010dky a taky sv\u00e9 obr\u00e1zky. A moje kamar\u00e1dka taky velmi r\u00e1da maluje. Maluje nejrad\u011bji portr\u00e9ty. A taky je jej\u00ed bloky pln\u00fd poset\u00fd jej\u00edmi kresbami. A [&hellip;]","datePublished":"2022-07-09","dateModified":"2022-07-09","author":{"@type":"Person","@id":"https:\/\/www.terykon.cz\/author\/#Person","name":"","url":"https:\/\/www.terykon.cz\/author\/","identifier":1,"image":{"@type":"ImageObject","@id":"https:\/\/secure.gravatar.com\/avatar\/c61c2d82e330ff9c70cf023b4c62d411e8407bcb38f85df591fa270717754b44?s=96&d=mm&r=g","url":"https:\/\/secure.gravatar.com\/avatar\/c61c2d82e330ff9c70cf023b4c62d411e8407bcb38f85df591fa270717754b44?s=96&d=mm&r=g","height":96,"width":96}},"publisher":{"@type":"Organization","name":"terykon.cz","logo":{"@type":"ImageObject","@id":"\/logo.png","url":"\/logo.png","width":600,"height":60}},"image":{"@type":"ImageObject","@id":"https:\/\/www.terykon.cz\/wp-content\/uploads\/t%C5%99i%20%C5%BEirafy.jpg","url":"https:\/\/www.terykon.cz\/wp-content\/uploads\/t%C5%99i%20%C5%BEirafy.jpg","height":0,"width":0},"url":"https:\/\/www.terykon.cz\/ruzne-blogy\/","about":["Zbo\u017e\u00ed"],"wordCount":462,"articleBody":"   P\u00ed\u0161ete si sv\u016fj osobn\u00ed blog? Anebo si p\u00ed\u0161ete takov\u00fd blog, kde m\u00e1te pouze r\u016fzn\u00e9 b\u00e1sni\u010dky? Proto\u017ee moje kamar\u00e1dka je takov\u00e1, \u017ee si na sv\u016fj blog d\u00e1v\u00e1 vlastn\u00ed vymy\u0161len\u00e9 p\u00edsni\u010dky nebo b\u00e1sni\u010dky a taky sv\u00e9 obr\u00e1zky. A moje kamar\u00e1dka taky velmi r\u00e1da maluje. Maluje nejrad\u011bji portr\u00e9ty. A taky je jej\u00ed bloky pln\u00fd poset\u00fd jej\u00edmi kresbami. A mus\u00edm \u0159\u00edct, \u017ee ona opravdu kr\u00e1sn\u011b maluje. M\u011b se to moc l\u00edb\u00ed. Dokonce u\u017e m\u00e1 n\u011bjak\u00e9 z\u00e1jemce, kte\u0159\u00ed cht\u011bj\u00ed namalovat sv\u016fj portr\u00e9t.Sv\u016fj portr\u00e9t anebo portr\u00e9t n\u011bkoho ze sv\u00e9 rodiny. A j\u00e1 mus\u00edm \u0159\u00edct, \u017ee to opravdu p\u011bkn\u00e9. Proto\u017ee moje kamar\u00e1dka opravdu moc maluje. A kdybyste vid\u011bli jej\u00ed blog, tak si budete myslet, \u017ee je to n\u011bjak\u00fd specialista na malov\u00e1n\u00ed. Nicm\u00e9n\u011b tak i jej\u00ed b\u00e1sni\u010dky jsou velmi popul\u00e1rn\u00ed. Dozv\u011bd\u011bla jsem se, \u017ee se n\u011bjak\u00e9 b\u00e1sni\u010dky objevuj\u00ed i ve \u0161kolk\u00e1ch, kde je moc r\u00e1dy u\u010ditelky vyu\u017e\u00edvaj\u00ed. Proto\u017ee moje kamar\u00e1dka si d\u00e1v\u00e1 z\u00e1le\u017eet na tom, aby jej\u00ed b\u00e1sni\u010dky zaujaly hlavn\u011b mal\u00e9 d\u011bti. A jej\u00ed b\u00e1sni\u010dky na jej\u00edm blogu jsou tak\u00e9 velmi pou\u010dn\u00e9. A j\u00e1 si mysl\u00edm, \u017ee takov\u00fdch blog\u016f by m\u011blo b\u00fdt opravdu mnoho. Proto\u017ee v dne\u0161n\u00ed dob\u011b je v\u0161ude sam\u00e1 nekvalita a bohu\u017eel i n\u00e1sil\u00ed.A podle m\u00e9ho n\u00e1zoru je to velmi \u0161koda. J\u00e1 si mysl\u00edm, \u017ee lid\u00e9 by m\u011bli db\u00e1t hlavn\u011b na mal\u00e9 d\u011bti, aby se vzd\u011bl\u00e1vali a m\u011bli v\u0161ude pozitivn\u00ed vzd\u011bl\u00e1v\u00e1n\u00ed. Taky si mysl\u00edm, \u017ee d\u011bti by nem\u011bly m\u00edt ze za\u010d\u00e1tku hned sv\u016fj blog. A je to jen m\u016fj n\u00e1zor, \u017ee si d\u011bti m\u011bly hr\u00e1t venku a u\u017e\u00edvat si s kamar\u00e1dy nebo \u010d\u00edst knihy. A mysl\u00edm si, \u017ee blog si mohou zalo\u017eit a\u017e v pozd\u011bj\u0161\u00edm v\u011bku. Nicm\u00e9n\u011b tohle ale z\u00e1le\u017e\u00ed na v\u00fdchov\u011b rodi\u010d\u016f, co jim d\u011btem dovol\u00ed. J\u00e1 m\u00e1m mal\u00e9ho syna a na mobilu a na po\u010d\u00edta\u010di je taky hodn\u011b aktivn\u00ed, ale v\u0161eho s m\u00edrou. D\u00e1v\u00e1m si na to velmi pozor, aby syn m\u011bl tak dostatek pohybu a taky samoz\u0159ejm\u011b jinou z\u00e1bavu, ne\u017e jenom mobil a podobn\u00e9 v\u011bci. Jsem r\u00e1da, \u017ee syn to ch\u00e1pe a \u017ee ani o blog https:\/\/www.maxim-kocarky.cz\/blog\/ zat\u00edm nejev\u00ed \u017e\u00e1dn\u00fd z\u00e1jem.                                                                                                                                                                                                                                                                                                                                                                                          4\/5 - (1 vote)        "},{"@context":"https:\/\/schema.org\/","@type":"BreadcrumbList","itemListElement":[{"@type":"ListItem","position":1,"name":"R\u016fzn\u00e9 blogy","item":"https:\/\/www.terykon.cz\/ruzne-blogy\/#breadcrumbitem"}]}]