[{"@context":"https:\/\/schema.org\/","@type":"Article","@id":"https:\/\/www.terykon.cz\/modu-mam-rada\/#Article","mainEntityOfPage":"https:\/\/www.terykon.cz\/modu-mam-rada\/","headline":"M\u00f3du m\u00e1m r\u00e1da","name":"M\u00f3du m\u00e1m r\u00e1da","description":"M\u00f3da. To je u\u017e je kapitola sama o sob\u011b. M\u00f3da je takov\u00e1, o kter\u00e9 v\u0161ichni v\u00edme, \u017ee bav\u00ed snad asi v\u0161echny lidi na sv\u011bt\u011b. A to hlavn\u011b \u017eeny. J\u00e1 jsem taky \u017eena, kter\u00e1 velmi db\u00e1 na to, jak chod\u00ed obl\u00e9kan\u00e1 a upraven\u00e1. Nap\u0159\u00edklad m\u00e1m jednu babi\u010dku, kter\u00e1 velmi db\u00e1 na sv\u016fj vzhled chod\u00ed pravideln\u011b ke [&hellip;]","datePublished":"2022-01-13","dateModified":"2023-05-07","author":{"@type":"Person","@id":"https:\/\/www.terykon.cz\/author\/#Person","name":"","url":"https:\/\/www.terykon.cz\/author\/","identifier":1,"image":{"@type":"ImageObject","@id":"https:\/\/secure.gravatar.com\/avatar\/c61c2d82e330ff9c70cf023b4c62d411e8407bcb38f85df591fa270717754b44?s=96&d=mm&r=g","url":"https:\/\/secure.gravatar.com\/avatar\/c61c2d82e330ff9c70cf023b4c62d411e8407bcb38f85df591fa270717754b44?s=96&d=mm&r=g","height":96,"width":96}},"publisher":{"@type":"Organization","name":"terykon.cz","logo":{"@type":"ImageObject","@id":"\/logo.png","url":"\/logo.png","width":600,"height":60}},"image":{"@type":"ImageObject","@id":"https:\/\/www.terykon.cz\/wp-content\/uploads\/pexels-cottonbro-4056535_2.jpg","url":"https:\/\/www.terykon.cz\/wp-content\/uploads\/pexels-cottonbro-4056535_2.jpg","height":0,"width":0},"url":"https:\/\/www.terykon.cz\/modu-mam-rada\/","about":["M\u00f3da"],"wordCount":438,"articleBody":"M\u00f3da. To je u\u017e je kapitola sama o sob\u011b. M\u00f3da je takov\u00e1, o kter\u00e9 v\u0161ichni v\u00edme, \u017ee bav\u00ed snad asi v\u0161echny lidi na sv\u011bt\u011b. A to hlavn\u011b \u017eeny. J\u00e1 jsem taky \u017eena, kter\u00e1 velmi db\u00e1 na to, jak chod\u00ed obl\u00e9kan\u00e1 a upraven\u00e1. Nap\u0159\u00edklad m\u00e1m jednu babi\u010dku, kter\u00e1 velmi db\u00e1 na sv\u016fj vzhled chod\u00ed pravideln\u011b ke kade\u0159nici a tak\u00e9 ke kosmeti\u010dce. A kdybyste vid\u011bli babi\u010d\u010din \u0161atn\u00edk, tak byste se \u00fapln\u011b moc divili. Moje babi\u010dka ve sv\u00fdch osmdes\u00e1ti letech m\u00e1 takov\u00fd \u0161atn\u00edk, o jak\u00e9m si m\u016f\u017ee nechat zd\u00e1t i ledajak\u00e1 mlad\u00e1 d\u00edvka. Sice je fakt, \u017ee by babi\u010dka mohla slevit na sv\u00e9m stylu a chovat se jako babi\u010dka, a ne jako mlad\u00e1 holka. Moje babi\u010dka m\u00e1 ve sk\u0159\u00edni opravdu minisukn\u011b! Ano, minisukn\u011b! Podle m\u00e9ho n\u00e1zoru je to takhle na babi\u010dku docela u\u017e moc. J\u00e1 m\u00e1m t\u0159icet let a minisukn\u011b v\u016fbec nenos\u00edm.Mysl\u00edm, \u017ee minisukn\u011b jsou v\u00fdsadou jen mlad\u00fdch holek s dokonalou postavou. M\u00f3da o tomhle taky je.\u00a0I kdy\u017e\u00a0je pravda, \u017ee vid\u00edm mnoho holek, kter\u00e9 maj\u00ed nadv\u00e1hu a nos\u00ed taky minisukn\u011b. Ov\u0161em je to ale m\u00f3da, kter\u00e1 se velmi mnoho m\u011bn\u00ed. V\u017edy\u0165 si jist\u011b pamatujete na 90. L\u00e9ta. Ty pro m\u011b byly nejv\u00edce obl\u00edben\u00e9 a v devades\u00e1t\u00fdch letech se mi l\u00edbila jejich m\u00f3da a taky styl obl\u00e9k\u00e1n\u00ed.A taky mohu s klidem \u0159\u00edct, \u017ee v devades\u00e1t\u00fdch letech byli lid\u00e9 i v\u00edce p\u0159\u00e1tel\u0161t\u00ed. A co si mysl\u00edte vy o m\u00f3d\u011b? Souhlas\u00edte s n\u00ed nebo m\u00e1te jin\u00fd styl? A taky z\u00e1le\u017e\u00ed na tom, jestli s m\u00f3dou zab\u00fdv\u00e1te nebo ne. J\u00e1 m\u00e1m doma i n\u011bkolik knih, kter\u00e9 se t\u00fdkaj\u00ed m\u00f3dy a stylu. A mn\u011b osobn\u011b se l\u00edb\u00ed m\u00f3da pa\u0159\u00ed\u017esk\u00e1 a Italsk\u00e1 a te\u010f pr\u00e1v\u011b d\u00edky tomu jsem jednou jela do It\u00e1lie, abych se pod\u00edvala na jednu m\u00f3dn\u00ed p\u0159ehl\u00eddku, kter\u00e1 m\u011b velmi zaj\u00edm\u00e1. A mus\u00edm \u0159\u00edct, \u017ee m\u00f3dn\u00ed p\u0159ehl\u00eddka v It\u00e1lii byla opravdu perfektn\u00ed a dokonal\u00e1. A co nap\u0159\u00edklad vy? Taky se zaj\u00edm\u00e1te o n\u011bjakou m\u00f3du nebo to nech\u00e1te plynout, jak to je? Nos\u00edte oble\u010den\u00ed z druh\u00e9 ruky nebo si zakl\u00e1d\u00e1te na tom, \u017ee nakupujete\u00a0pouze\u00a0v nov\u00fdch a zna\u010dkov\u00fdch obchodech?\u00a0                                                                                                                                                                                                                                                                                                                                                                                        4.4\/5 - (8 votes)        "},{"@context":"https:\/\/schema.org\/","@type":"BreadcrumbList","itemListElement":[{"@type":"ListItem","position":1,"name":"M\u00f3du m\u00e1m r\u00e1da","item":"https:\/\/www.terykon.cz\/modu-mam-rada\/#breadcrumbitem"}]}]