[{"@context":"https:\/\/schema.org\/","@type":"Article","@id":"https:\/\/www.terykon.cz\/kontejner-na-ovoce\/#Article","mainEntityOfPage":"https:\/\/www.terykon.cz\/kontejner-na-ovoce\/","headline":"Kontejner na ovoce","name":"Kontejner na ovoce","description":"\u0158\u00edk\u00e1 v\u00e1m n\u011bco velkoobjemov\u00fd kontejner? Mysl\u00edm si, \u017ee mnoho lid\u00ed si asi p\u0159edstav\u00ed n\u011bjak\u00fd odpad anebo popel\u00e1\u0159e. Abych se p\u0159iznala, tak jsem si taky hned p\u0159edstavila n\u011bjak\u00e9 popel\u00e1\u0159e, jak vyv\u00e1\u017e\u00ed na\u0161e popelnice. Jenom\u017ee velkoobjemov\u00fd kontejner nen\u00ed pouze na tohle, na odpad a podobn\u011b. A samoz\u0159ejm\u011b taky jsou takov\u00e9 objemov\u00e9 kontejnery, kter\u00e9 jsou na odpad a [&hellip;]","datePublished":"2022-09-13","dateModified":"2023-07-21","author":{"@type":"Person","@id":"https:\/\/www.terykon.cz\/author\/#Person","name":"","url":"https:\/\/www.terykon.cz\/author\/","identifier":1,"image":{"@type":"ImageObject","@id":"https:\/\/secure.gravatar.com\/avatar\/c61c2d82e330ff9c70cf023b4c62d411e8407bcb38f85df591fa270717754b44?s=96&d=mm&r=g","url":"https:\/\/secure.gravatar.com\/avatar\/c61c2d82e330ff9c70cf023b4c62d411e8407bcb38f85df591fa270717754b44?s=96&d=mm&r=g","height":96,"width":96}},"publisher":{"@type":"Organization","name":"terykon.cz","logo":{"@type":"ImageObject","@id":"\/logo.png","url":"\/logo.png","width":600,"height":60}},"image":{"@type":"ImageObject","@id":"https:\/\/www.terykon.cz\/wp-content\/uploads\/container-2018508_960_720.jpg","url":"https:\/\/www.terykon.cz\/wp-content\/uploads\/container-2018508_960_720.jpg","height":0,"width":0},"url":"https:\/\/www.terykon.cz\/kontejner-na-ovoce\/","about":["Slu\u017eby"],"wordCount":398,"articleBody":"         \u0158\u00edk\u00e1 v\u00e1m n\u011bco velkoobjemov\u00fd kontejner? Mysl\u00edm si, \u017ee mnoho lid\u00ed si asi p\u0159edstav\u00ed n\u011bjak\u00fd odpad anebo popel\u00e1\u0159e. Abych se p\u0159iznala, tak jsem si taky hned p\u0159edstavila n\u011bjak\u00e9 popel\u00e1\u0159e, jak vyv\u00e1\u017e\u00ed na\u0161e popelnice. Jenom\u017ee velkoobjemov\u00fd kontejner nen\u00ed pouze na tohle, na odpad a podobn\u011b. A samoz\u0159ejm\u011b taky jsou takov\u00e9 objemov\u00e9 kontejnery, kter\u00e9 jsou na odpad a uvid\u00edte b\u011b\u017en\u011b popel\u00e1\u0159e, \u017ee odv\u00e1\u017e\u00ed bordel. Jenom\u017ee j\u00e1 tedy mysl\u00edm a mluv\u00edm o jin\u00e9m velkoobjemov\u00e9m kontejneru, jako nap\u0159\u00edklad t\u0159eba kontejner na ovoce. Zn\u00e1te velkoobjemov\u00fd kontejner na ovoce? Tohle m\u00edvaj\u00ed nejv\u00edce ti lid\u00e9, kte\u0159\u00ed t\u0159eba maj\u00ed ovocn\u00e9 sady, aby si uleh\u010dili pr\u00e1ci.A kdy\u017e jsem byla na Morav\u011b, vid\u011bla jsem tam kr\u00e1sn\u00e9 ovocn\u00e9 sady z jablek a potom jsem se taky koukala na kr\u00e1sn\u00e9 plant\u00e1\u017ee vinn\u00e9 r\u00e9vy. A pr\u00e1v\u011b u t\u011bch jablek m\u011bli velkoobjemov\u00e9 kontejnery. Proto\u017ee si mysl\u00edm, \u017ee jablka nejdou sb\u00edrat jen tak do n\u011bjak\u00fdch krabic. Podle m\u00e9ho n\u00e1zoru se to mus\u00ed d\u011blat tak, \u017ee se \u010dist\u00e1 kr\u00e1sn\u00e1  https:\/\/decinsky.denik.cz\/mikroregion\/krasna-lipa.html jablka d\u00e1vaj\u00ed do velkoobjemov\u00fdch kontejner\u016f, kter\u00e9 se pak vezou n\u011bkam do firmy, kde se jablka o\u010dist\u00ed a potom a\u017e teprve se d\u00e1vaj\u00ed do n\u011bjak\u00fdch d\u0159ev\u011bn\u00fdch krabi\u010dek, kter\u00e9 se pak d\u00e1vaj\u00ed do obchodu. Pokud ale hled\u00e1te jin\u00fd velkoobjemov\u00fd kontejner na ovoce, tak si ho m\u016f\u017eete taky po\u0159\u00eddit, ale pokud m\u00e1te na zahrad\u011b dv\u011b \u010di t\u0159i jablon\u011b, tak se v\u00e1m to samoz\u0159ejm\u011b nevyplat\u00ed. A na takov\u00e9 dv\u011b t\u0159i jablon\u011b v\u00e1m sta\u010d\u00ed d\u0159ev\u011bn\u00e9 krabi\u010dky, do kter\u00fdch d\u00e1te ovoce. A nemus\u00edte jenom to ovoce skladovat, ale m\u016f\u017ee tak\u00e9 zeleninu. Nicm\u00e9n\u011b ale pokud m\u00e1te vlastn\u00ed sad \u010di plant\u00e1\u017ee, tak jeden velkoobjemov\u00fd kontejner by se v\u00e1m samoz\u0159ejm\u011b hodil. Nebo u\u017e doma n\u011bjak\u00fd m\u00e1te? A z jak\u00e9ho materi\u00e1lu? M\u011b se nejv\u00edce osv\u011bd\u010dily ty velkoobjemov\u00e9 kontejnery, kter\u00e9 jsou hodn\u011b odoln\u00e9 a mysl\u00edm si, \u017ee nejsem jedin\u00e1, kdo d\u00e1v\u00e1 p\u0159ednost velkoobjemov\u00fdch kontejner\u016f, kter\u00fd je v z velice odoln\u00e9ho materi\u00e1lu, kter\u00fd i dost vydr\u017e\u00ed.                                                                                                                                                                                                                                                                                                                                                                                          3.5\/5 - (8 votes)        "},{"@context":"https:\/\/schema.org\/","@type":"BreadcrumbList","itemListElement":[{"@type":"ListItem","position":1,"name":"Kontejner na ovoce","item":"https:\/\/www.terykon.cz\/kontejner-na-ovoce\/#breadcrumbitem"}]}]