{"@context":"https:\/\/schema.org\/","@type":"CollectionPage","@id":"https:\/\/www.terykon.cz\/dum-a-byt\/#CollectionPage","headline":"D\u016fm a byt Category","description":"","url":"https:\/\/www.terykon.cz\/dum-a-byt\/","hasPart":[{"@type":"Article","@id":"https:\/\/www.terykon.cz\/jake-jsou-nejnovejsi-trendy-v-bydleni\/","headline":"Jak\u00e9 jsou nejnov\u011bj\u0161\u00ed trendy v bydlen\u00ed","url":"https:\/\/www.terykon.cz\/jake-jsou-nejnovejsi-trendy-v-bydleni\/","datePublished":"2022-02-13","dateModified":"2023-05-07","mainEntityOfPage":"https:\/\/www.terykon.cz\/jake-jsou-nejnovejsi-trendy-v-bydleni\/","author":{"@type":"Person","@id":"https:\/\/www.terykon.cz\/author\/#Person","name":"","url":"https:\/\/www.terykon.cz\/author\/","identifier":1,"image":{"@type":"ImageObject","@id":"https:\/\/secure.gravatar.com\/avatar\/c61c2d82e330ff9c70cf023b4c62d411e8407bcb38f85df591fa270717754b44?s=96&d=mm&r=g","url":"https:\/\/secure.gravatar.com\/avatar\/c61c2d82e330ff9c70cf023b4c62d411e8407bcb38f85df591fa270717754b44?s=96&d=mm&r=g","height":96,"width":96}},"publisher":{"@type":"Organization","name":"terykon.cz","logo":{"@type":"ImageObject","@id":"\/logo.png","url":"\/logo.png","width":600,"height":60}},"image":{"@type":"ImageObject","@id":"https:\/\/www.terykon.cz\/wp-content\/uploads\/garaz2_6.png","url":"https:\/\/www.terykon.cz\/wp-content\/uploads\/garaz2_6.png","height":0,"width":0},"keywords":null},{"@type":"Article","@id":"https:\/\/www.terykon.cz\/bytovy-architekt-neni-bytecnost\/","headline":"Bytov\u00fd architekt nen\u00ed byte\u010dnost!","url":"https:\/\/www.terykon.cz\/bytovy-architekt-neni-bytecnost\/","datePublished":"2020-12-15","dateModified":"2023-05-07","mainEntityOfPage":"https:\/\/www.terykon.cz\/bytovy-architekt-neni-bytecnost\/","author":{"@type":"Person","@id":"https:\/\/www.terykon.cz\/author\/#Person","name":"","url":"https:\/\/www.terykon.cz\/author\/","identifier":1,"image":{"@type":"ImageObject","@id":"https:\/\/secure.gravatar.com\/avatar\/c61c2d82e330ff9c70cf023b4c62d411e8407bcb38f85df591fa270717754b44?s=96&d=mm&r=g","url":"https:\/\/secure.gravatar.com\/avatar\/c61c2d82e330ff9c70cf023b4c62d411e8407bcb38f85df591fa270717754b44?s=96&d=mm&r=g","height":96,"width":96}},"publisher":{"@type":"Organization","name":"terykon.cz","logo":{"@type":"ImageObject","@id":"\/logo.png","url":"\/logo.png","width":600,"height":60}},"image":{"@type":"ImageObject","@id":"https:\/\/www.terykon.cz\/wp-content\/uploads\/kitchen-2174593_1920.jpg","url":"https:\/\/www.terykon.cz\/wp-content\/uploads\/kitchen-2174593_1920.jpg","height":0,"width":0},"keywords":null},{"@type":"Article","@id":"https:\/\/www.terykon.cz\/nic-neni-nemozne\/","headline":"Nic nen\u00ed nemo\u017en\u00e9","url":"https:\/\/www.terykon.cz\/nic-neni-nemozne\/","datePublished":"2020-01-02","dateModified":"2023-05-07","mainEntityOfPage":"https:\/\/www.terykon.cz\/nic-neni-nemozne\/","author":{"@type":"Person","@id":"https:\/\/www.terykon.cz\/author\/#Person","name":"","url":"https:\/\/www.terykon.cz\/author\/","identifier":1,"image":{"@type":"ImageObject","@id":"https:\/\/secure.gravatar.com\/avatar\/c61c2d82e330ff9c70cf023b4c62d411e8407bcb38f85df591fa270717754b44?s=96&d=mm&r=g","url":"https:\/\/secure.gravatar.com\/avatar\/c61c2d82e330ff9c70cf023b4c62d411e8407bcb38f85df591fa270717754b44?s=96&d=mm&r=g","height":96,"width":96}},"publisher":{"@type":"Organization","name":"terykon.cz","logo":{"@type":"ImageObject","@id":"\/logo.png","url":"\/logo.png","width":600,"height":60}},"image":{"@type":"ImageObject","@id":"https:\/\/www.terykon.cz\/wp-content\/uploads\/img_a378436_w4202_t1589803177.jpg","url":"https:\/\/www.terykon.cz\/wp-content\/uploads\/img_a378436_w4202_t1589803177.jpg","height":0,"width":0},"keywords":null},{"@type":"Article","@id":"https:\/\/www.terykon.cz\/odolny-ratan-patri-do-interieru-i-ven\/","headline":"Odoln\u00fd ratan pat\u0159\u00ed do interi\u00e9ru i ven","url":"https:\/\/www.terykon.cz\/odolny-ratan-patri-do-interieru-i-ven\/","datePublished":"2019-10-11","dateModified":"2023-05-07","mainEntityOfPage":"https:\/\/www.terykon.cz\/odolny-ratan-patri-do-interieru-i-ven\/","author":{"@type":"Person","@id":"https:\/\/www.terykon.cz\/author\/#Person","name":"","url":"https:\/\/www.terykon.cz\/author\/","identifier":1,"image":{"@type":"ImageObject","@id":"https:\/\/secure.gravatar.com\/avatar\/c61c2d82e330ff9c70cf023b4c62d411e8407bcb38f85df591fa270717754b44?s=96&d=mm&r=g","url":"https:\/\/secure.gravatar.com\/avatar\/c61c2d82e330ff9c70cf023b4c62d411e8407bcb38f85df591fa270717754b44?s=96&d=mm&r=g","height":96,"width":96}},"publisher":{"@type":"Organization","name":"terykon.cz","logo":{"@type":"ImageObject","@id":"\/logo.png","url":"\/logo.png","width":600,"height":60}},"image":{"@type":"ImageObject","@id":"https:\/\/www.terykon.cz\/wp-content\/uploads\/img_a357713_w2965_t1572164401.jpg","url":"https:\/\/www.terykon.cz\/wp-content\/uploads\/img_a357713_w2965_t1572164401.jpg","height":0,"width":0},"keywords":null}]}