[{"@context":"https:\/\/schema.org\/","@type":"Article","@id":"https:\/\/www.terykon.cz\/doplnte-vas-outfit-a-chrante-svoje-oci\/#Article","mainEntityOfPage":"https:\/\/www.terykon.cz\/doplnte-vas-outfit-a-chrante-svoje-oci\/","headline":"Dopl\u0148te v\u00e1\u0161 outfit a chra\u0148te svoje o\u010di","name":"Dopl\u0148te v\u00e1\u0161 outfit a chra\u0148te svoje o\u010di","description":"Kdy\u017e nahl\u00e9dneme do m\u00f3dn\u00edch \u010dasopis\u016f zjist\u00edme, \u017ee a\u0165 u\u017e je ka\u017ed\u00e9 ro\u010dn\u00ed obdob\u00ed, maj\u00ed modelky i modelov\u00e9 na nose um\u00edst\u011bny br\u00fdle. Jedn\u00e1 se o dokonal\u00fd m\u00f3dn\u00ed dopln\u011bk, ale z\u00e1rove\u0148 je d\u016fle\u017eit\u00e9 tak\u00e9 kvalitn\u011b va\u0161e e o\u010di vysok\u00fdm ochrann\u00fdm filtrem proti slunci. Slunce z\u00e1\u0159\u00ed agresivn\u011bji p\u0159edev\u0161\u00edm p\u0159es letn\u00ed obdob\u00ed, ale i v zim\u011b, kdy\u017e se paprsky [&hellip;]","datePublished":"2022-09-10","dateModified":"2022-09-10","author":{"@type":"Person","@id":"https:\/\/www.terykon.cz\/author\/#Person","name":"","url":"https:\/\/www.terykon.cz\/author\/","identifier":1,"image":{"@type":"ImageObject","@id":"https:\/\/secure.gravatar.com\/avatar\/c61c2d82e330ff9c70cf023b4c62d411e8407bcb38f85df591fa270717754b44?s=96&d=mm&r=g","url":"https:\/\/secure.gravatar.com\/avatar\/c61c2d82e330ff9c70cf023b4c62d411e8407bcb38f85df591fa270717754b44?s=96&d=mm&r=g","height":96,"width":96}},"publisher":{"@type":"Organization","name":"terykon.cz","logo":{"@type":"ImageObject","@id":"\/logo.png","url":"\/logo.png","width":600,"height":60}},"image":{"@type":"ImageObject","@id":"https:\/\/www.terykon.cz\/wp-content\/uploads\/bryle_2.jpg","url":"https:\/\/www.terykon.cz\/wp-content\/uploads\/bryle_2.jpg","height":0,"width":0},"url":"https:\/\/www.terykon.cz\/doplnte-vas-outfit-a-chrante-svoje-oci\/","about":["Slu\u017eby"],"wordCount":441,"articleBody":"   Kdy\u017e nahl\u00e9dneme do m\u00f3dn\u00edch \u010dasopis\u016f zjist\u00edme, \u017ee a\u0165 u\u017e je ka\u017ed\u00e9 ro\u010dn\u00ed obdob\u00ed, maj\u00ed modelky i modelov\u00e9 na nose um\u00edst\u011bny br\u00fdle. Jedn\u00e1 se o dokonal\u00fd m\u00f3dn\u00ed dopln\u011bk, ale z\u00e1rove\u0148 je d\u016fle\u017eit\u00e9 tak\u00e9 kvalitn\u011b  va\u0161e e o\u010di vysok\u00fdm ochrann\u00fdm filtrem proti slunci. Slunce z\u00e1\u0159\u00ed agresivn\u011bji p\u0159edev\u0161\u00edm p\u0159es letn\u00ed obdob\u00ed, ale i v zim\u011b, kdy\u017e se paprsky op\u00edraj\u00ed o b\u00edl\u00fd sn\u00edh, je to pro na\u0161e o\u010di tak\u00e9 m\u00e9n\u011b p\u0159\u00edjemn\u00e9 se rozhl\u00ed\u017eet po krajin\u011b.N\u011bkdo si nedok\u00e1\u017ee p\u0159edstavit bez nich vyj\u00edt z domu, zejm\u00e9na, kdy\u017e je venku hezky a sv\u00edt\u00ed ono slunce. L\u00e9pe se v nich kouk\u00e1, tak\u00e9 hlavn\u011b p\u0159i j\u00edzd\u011b autem je to mnohem p\u0159\u00edjemn\u011bj\u0161\u00ed a lehce se na to zvykne. N\u011bkdo to ale naopak vn\u00edm\u00e1 jako d\u016fle\u017eit\u00fd m\u00f3dn\u00ed dopln\u011bk a m\u016f\u017ee se jednat o mu\u017ee i o \u017eenu. I d\u011bti pot\u0159ebuj\u00ed svoje. Tam jde zejm\u00e9na o prakti\u010dnost. Ka\u017ed\u00e1 osoba jin\u00fd tvar. N\u011bkdo m\u00e1 r\u00e1d kulat\u00e9, jin\u00fd d\u00e1 p\u0159ednost hranat\u00fdm. N\u011bkter\u00e9 d\u00e1my maj\u00ed r\u00e1dy velk\u00e1 skla, kter\u00e1 zakryj\u00ed nedokonalosti zejm\u00e9na po r\u00e1nu, kdy se t\u0159eba \u017eena nechce l\u00ed\u010dit a pot\u0159ebuje dob\u011bhnout do obchodu pro n\u011bco k j\u00eddlu. Ide\u00e1ln\u011b to tak zakryj\u00ed slune\u010dn\u00ed br\u00fdle d\u00e1msk\u00e9 Luxbryle s v\u00fdrazn\u00fdm tvarem a velk\u00fdmi skly, kter\u00e9 zase jindy poslou\u017e\u00ed jako luxusn\u00ed dopln\u011bk k cel\u00e9mu vzez\u0159en\u00ed.Tmav\u00e1 skla dokonale zakryj\u00ed va\u0161e o\u010di tak, \u017ee nikdo nebude vid\u011bt, jak\u00fdm sm\u011brem se d\u00edv\u00e1te, tak\u017ee z\u016fstanete dokonale skryti. Vysok\u00fd ochrann\u00fd faktor je dal\u0161\u00ed skv\u011blou vlastnost\u00ed t\u011bchto br\u00fdl\u00ed, va\u0161e o\u010di budou ochr\u00e1n\u011bny p\u0159ed ultrafialov\u00fdm z\u00e1\u0159en\u00edm. M\u00e1te rad\u0161i tenk\u00e9 no\u017ei\u010dky br\u00fdl\u00ed nebo n\u011bjak\u00e9 t\u0159eba se zlatou ozdobou? V\u0161echno najdete na jednom m\u00edst\u011b, te\u010f nav\u00edc s velk\u00fdmi slevami p\u0159\u00edmo pro v\u00e1s. To pot\u011b\u0161\u00ed v bab\u00edm l\u00e9t\u011b, ud\u011blat si radost je\u0161t\u011b t\u00edmto praktick\u00fdm, a i kr\u00e1sn\u00fdm pomocn\u00edkem a na ja\u0159e jako kdy\u017e je najdete! A nemus\u00edte z\u016fstat u jednoho kousku, ale v ak\u010dn\u00ed podzimn\u00ed slev\u011b m\u016f\u017eete objednat rovnou t\u0159eba dvoje nebo jimi podarovat rodinu pod v\u00e1no\u010dn\u00edm stromkem. A m\u00e1te to vymy\u0161len\u00e9!                                                                                                                                                                                                                                                                                                                                                                                           3.7\/5 - (3 votes)        "},{"@context":"https:\/\/schema.org\/","@type":"BreadcrumbList","itemListElement":[{"@type":"ListItem","position":1,"name":"Dopl\u0148te v\u00e1\u0161 outfit a chra\u0148te svoje o\u010di","item":"https:\/\/www.terykon.cz\/doplnte-vas-outfit-a-chrante-svoje-oci\/#breadcrumbitem"}]}]